{"id":1605,"date":"2024-10-03T10:55:23","date_gmt":"2024-10-03T07:55:23","guid":{"rendered":"https:\/\/kontoyannilawfirm.gr\/?p=1605"},"modified":"2024-10-03T10:55:42","modified_gmt":"2024-10-03T07:55:42","slug":"6imeriergasia","status":"publish","type":"post","link":"https:\/\/kontoyannilawfirm.gr\/fr\/6imeriergasia\/","title":{"rendered":"Le travail de six jours en Gr\u00e8ce:Quand et de quelle mani\u00e8re s&rsquo;appliquera-t-il aux employ\u00e9s\/ouvriers?"},"content":{"rendered":"<p>Avec la loi 5053\/2023, des changements tr\u00e8s importants ont \u00e9t\u00e9 apport\u00e9s au march\u00e9 du travail, et d\u00e9sormais, les entreprises peuvent employer leurs salari\u00e9s \u00e9galement le 6\u1d49 jour de la semaine. Toutefois, cet emploi doit remplir certaines conditions pour \u00eatre valide, que beaucoup ignorent. En parall\u00e8le, il a \u00e9galement \u00e9t\u00e9 annonc\u00e9 la suppression de la prime d&rsquo;anciennet\u00e9 de 3 ans, mais avec de nombreux d\u00e9tails \u00e0 prendre en compte pour mieux comprendre le sujet.<\/p>\n<h2><strong>1.Que pr\u00e9voit la loi concernant le travail de 6 jours?<\/strong><\/h2>\n<p>Pour r\u00e9soudre cette question, la loi pr\u00e9voit une s\u00e9rie de conditions qui, si elles sont remplies, permettent \u00e0 une entreprise d&#8217;employer ses salari\u00e9s (y compris) le 6\u1d49 jour de la semaine. Tout d&rsquo;abord, <strong>l&rsquo;entreprise doit \u00eatre qualifi\u00e9e d&rsquo;exploitation continue, c&rsquo;est-\u00e0-dire que son activit\u00e9 est d&rsquo;une grande importance pour l&rsquo;\u00e9conomie nationale, de telle sorte que si elle venait \u00e0 \u00eatre interrompue, cela causerait des probl\u00e8mes pour les \u00e9changes et les besoins de la population du pays.<\/strong> Cependant, la loi pr\u00e9cise que les employ\u00e9s des h\u00f4tels et de la restauration ne sont pas concern\u00e9s par le travail de 6 jours, et donc la r\u00e9glementation ne s&rsquo;applique pas \u00e0 eux.<\/p>\n<p>De plus, <strong>l&#8217;employeur doit d\u00e9clarer dans le syst\u00e8me \u00ab\u00a0ERGANI\u00a0\u00bb que le salari\u00e9 sera employ\u00e9 le 6\u1d49 jour de la semaine. Cette d\u00e9claration doit inclure la p\u00e9riode sp\u00e9cifique pendant laquelle le salari\u00e9 travaillera, qui ne peut d\u00e9passer 8 heures pour le 6\u1d49 jour de travail.<\/strong> En outre, le salari\u00e9 ne peut pas travailler sous la forme d&rsquo;heures suppl\u00e9mentaires ou de travail additionnel ce jour-l\u00e0, c&rsquo;est-\u00e0-dire qu&rsquo;il ne peut pas \u00ab\u00a0rattraper\u00a0\u00bb des heures de travail non effectu\u00e9es au cours de la semaine, et il est donc consid\u00e9r\u00e9 que ce jour-l\u00e0, il travaille de mani\u00e8re autonome\/s\u00e9par\u00e9e des autres jours.<\/p>\n<p><strong>Le syst\u00e8me de travail de 6 jours ne peut \u00eatre appliqu\u00e9 qu&rsquo;aux entreprises qui emploient principalement leurs salari\u00e9s selon le syst\u00e8me de travail de 5 jours. Cela a de l&rsquo;importance, car si une entreprise employait d\u00e9j\u00e0 son ou ses salari\u00e9s avant l&rsquo;adoption de la loi selon le syst\u00e8me de travail de 6 jours, le salaire du 6\u1d49 jour ne sera pas major\u00e9 de la mani\u00e8re expliqu\u00e9e ci-dessous mais sera calcul\u00e9 diff\u00e9remment.<\/strong><\/p>\n<h2><strong>2.Quelles r\u00e9mun\u00e9rations suppl\u00e9mentaires doit recevoir un salari\u00e9 pour le 6\u1d49 jour de travail?<\/strong><\/h2>\n<p>Afin d&rsquo;\u00e9viter toute ambigu\u00eft\u00e9 concernant les r\u00e9mun\u00e9rations qu&rsquo;un salari\u00e9 travaillant 6 jours par semaine doit recevoir, <strong>la loi pr\u00e9voit que ce dernier recevra le salaire journalier qu&rsquo;il aurait per\u00e7u s&rsquo;il travaillait un jour de semaine de 5 jours, major\u00e9 de 40 %. Cependant, cela suppose que le salari\u00e9 soit pay\u00e9 au moins le salaire minimum en vigueur aujourd&rsquo;hui, soit 830 euros mensuels pour un employ\u00e9, ou 37,07 euros par jour s&rsquo;il s&rsquo;agit d&rsquo;un ouvrier.<\/strong> Si, en outre, l&rsquo;entreprise a sign\u00e9 une convention collective qui r\u00e8gle de mani\u00e8re plus favorable le salaire que ne le fait la loi, alors le salaire de la convention collective sera applicable.<\/p>\n<p>Il est \u00e9galement int\u00e9ressant de noter que<strong> si le 6\u1d49 jour de travail co\u00efncide avec un dimanche, la loi pr\u00e9voit une augmentation suppl\u00e9mentaire de 75 % sur le salaire l\u00e9gal que l&#8217;employ\u00e9 doit percevoir, que ce soit sur le salaire minimum ou sur un salaire plus \u00e9lev\u00e9 applicable \u00e0 l&#8217;employ\u00e9 en raison d&rsquo;une convention collective.<\/strong> Dans ce cas, l&#8217;employ\u00e9 doit recevoir les deux augmentations mentionn\u00e9es dans ses r\u00e9mun\u00e9rations, car la loi ne semble pas exclure une majoration suppl\u00e9mentaire avec l&rsquo;application d&rsquo;une premi\u00e8re majoration.<\/p>\n<p>En outre, <strong>si le salari\u00e9 d\u00e9passe d\u00e9j\u00e0 ses heures de travail pour cette semaine le 6\u1d49 jour de travail, c&rsquo;est-\u00e0-dire qu&rsquo;il effectue des heures suppl\u00e9mentaires s&rsquo;il a d\u00e9j\u00e0 travaill\u00e9 40 heures dans la m\u00eame semaine dans une entreprise appliquant le syst\u00e8me de 5 jours de travail, ou s&rsquo;il d\u00e9passe 48 heures s&rsquo;il travaille selon le syst\u00e8me de 6 jours, il aura \u00e9galement droit \u00e0 une r\u00e9mun\u00e9ration suppl\u00e9mentaire major\u00e9e de 25 %.<\/strong> L\u00e0 encore, si le salaire du salari\u00e9 est inf\u00e9rieur au salaire minimum, ce dernier sera pris en compte pour le calcul.<\/p>\n<h2><strong>3.Je suis un employ\u00e9(e) en p\u00e9riode d&rsquo;essai dans une entreprise.Quels sont mes droits?<\/strong><\/h2>\n<p>\u00c9tant donn\u00e9 que cette cat\u00e9gorie de travailleurs est tr\u00e8s courante dans la pratique, il est important de conna\u00eetre ce que la loi pr\u00e9voit pour les employ\u00e9s en p\u00e9riode d&rsquo;essai. En premier lieu,<strong> l&#8217;employeur peut convenir avec l&#8217;employ\u00e9(e) que ce dernier(e) travaillera en p\u00e9riode d&rsquo;essai pour une dur\u00e9e maximale de 6 mois. Ce temps est consid\u00e9r\u00e9 comme une p\u00e9riode normale de travail, ce qui signifie que l&#8217;employ\u00e9(e) b\u00e9n\u00e9ficie de toutes les couvertures de s\u00e9curit\u00e9 sociale pr\u00e9vues, a droit aux indemnit\u00e9s li\u00e9es \u00e0 sa profession, et le temps travaill\u00e9 compte pour l&rsquo;octroi de jours de cong\u00e9 \u00e0 l&rsquo;avenir.<\/strong><\/p>\n<p>Cela s&rsquo;applique ind\u00e9pendamment de la d\u00e9cision de l&#8217;employeur \u00e0 la fin de la p\u00e9riode d&rsquo;essai, qu&rsquo;il d\u00e9cide ou non de garder l&#8217;employ\u00e9(e) dans son entreprise.<strong> Si la relation de travail est suspendue (par exemple en raison d&rsquo;une gr\u00e8ve affectant l&rsquo;entreprise), la p\u00e9riode d&rsquo;essai est \u00e9galement suspendue, et sera compl\u00e9t\u00e9e plus tard.<\/strong> Si le salari\u00e9 a sign\u00e9 un contrat de travail \u00e0 dur\u00e9e d\u00e9termin\u00e9e, la p\u00e9riode d&rsquo;essai ne peut d\u00e9passer 1\/4 de la dur\u00e9e totale du contrat, et en tout cas, elle ne peut exc\u00e9der 6 mois. Par exemple, pour un contrat de 1 an, la p\u00e9riode d&rsquo;essai peut durer au maximum 3 mois, sauf accord contraire.<\/p>\n<p>Dans tous les cas,<strong> l&#8217;employ\u00e9(e) en p\u00e9riode d&rsquo;essai b\u00e9n\u00e9ficie des m\u00eames droits (et bien s\u00fbr des m\u00eames obligations) qu&rsquo;un salari\u00e9 r\u00e9gulier. Ainsi, l&#8217;employeur doit veiller \u00e0 la s\u00e9curit\u00e9 du salari\u00e9 sur le lieu de travail, le prot\u00e9ger contre les discriminations et les comportements agressifs, et lui assigner des t\u00e2ches correspondant \u00e0 ses qualifications pour qu&rsquo;il puisse exploiter ses comp\u00e9tences.<\/strong> Tout accord entre employeur et employ\u00e9(e) visant \u00e0 renoncer aux droits de ce dernier (en totalit\u00e9 ou partiellement) est nul et non avenu.<\/p>\n<h2><strong>4.Quand un licenciement est-il l\u00e9galement invalide?<\/strong><\/h2>\n<p>Le licenciement d&rsquo;un salari\u00e9 par un employeur est une question complexe qui suscite souvent des d\u00e9saccords. Un licenciement est consid\u00e9r\u00e9 comme invalide si au moins l&rsquo;une des conditions suivantes est remplie :<\/p>\n<ul>\n<li><strong>Le licenciement est motiv\u00e9 par une discrimination ill\u00e9gale en raison du sexe, de la nationalit\u00e9, de l&rsquo;orientation sexuelle,<\/strong> de l&rsquo;apparence ou des croyances de l&#8217;employ\u00e9, \u00e0 condition que ces facteurs n&rsquo;affectent pas ses comp\u00e9tences au travail.<\/li>\n<li><strong>Le licenciement est une mesure de repr\u00e9sailles contre l&#8217;employ\u00e9(e) pour avoir exerc\u00e9 un droit l\u00e9gal<\/strong> (par exemple, r\u00e9clamer des salaires pour des heures suppl\u00e9mentaires non r\u00e9mun\u00e9r\u00e9es).<\/li>\n<li><strong>Si l&#8217;employ\u00e9(e) a \u00e9t\u00e9 victime de harc\u00e8lement sexuel et a demand\u00e9 protection, mais l&#8217;employeur a choisi de le licencier par repr\u00e9sailles.<\/strong><\/li>\n<li><strong>Le licenciement intervient pendant les cong\u00e9s annuels de l&#8217;employ\u00e9(e).<\/strong><\/li>\n<li>\u00a0Il est li\u00e9 \u00e0 l&rsquo;activit\u00e9 syndicale du salari\u00e9, qui b\u00e9n\u00e9ficie d&rsquo;une protection accrue contre le licenciement.<\/li>\n<li><strong>Il est li\u00e9 au refus de l&#8217;employ\u00e9(e) d&rsquo;accepter un emploi \u00e0 temps partiel ou avec des horaires instables, \u00e0 condition que ce refus ne soit pas abusif.<\/strong><\/li>\n<li>\u00a0Le licenciement concerne un parent de famille nombreuse ou une personne handicap\u00e9e, situations qui exigent que l&#8217;employeur adopte des mesures plus douces, telles que le transfert \u00e0 un autre poste si possible.<\/li>\n<li><strong>Le licenciement concerne un employ\u00e9 d&rsquo;une entreprise touristique qui est encore en formation et n&rsquo;accomplit donc pas un travail au sens strict de la loi.<\/strong><\/li>\n<\/ul>\n<h2><strong>5.Quelle est l&rsquo;importance de l&rsquo;invalidit\u00e9 l\u00e9gale d&rsquo;un licenciement?<\/strong><\/h2>\n<p>Si le licenciement est d\u00e9clar\u00e9 invalide pour l&rsquo;une des raisons mentionn\u00e9es, l&#8217;employ\u00e9(e) b\u00e9n\u00e9ficie de plusieurs droits en sa faveur, et l&#8217;employeur encourt des cons\u00e9quences:<\/p>\n<ul>\n<li><strong>L&#8217;employ\u00e9(e) peut exiger d&rsquo;\u00eatre r\u00e9int\u00e9gr\u00e9(e) dans l&rsquo;entreprise,<\/strong> \u00e0 condition que l&rsquo;invalidit\u00e9 du licenciement soit reconnue par une d\u00e9cision judiciaire.<\/li>\n<li>L&#8217;employ\u00e9(e) peut r\u00e9clamer des salaires pour la p\u00e9riode d&rsquo;inactivit\u00e9 due au licenciement ill\u00e9gal.<\/li>\n<li><strong>Toute r\u00e9mun\u00e9ration per\u00e7ue d&rsquo;un autre emploi pendant cette p\u00e9riode sera d\u00e9duite de ces salaires,<\/strong> ainsi que les sommes que l&#8217;employ\u00e9(e) aurait pu percevoir s&rsquo;il avait accept\u00e9 un autre emploi.<\/li>\n<li><strong>L&#8217;employ\u00e9(e) peut aussi demander une indemnisation pour pr\u00e9judice moral si le licenciement a port\u00e9 atteinte \u00e0 son honneur et \u00e0 sa r\u00e9putation.<\/strong><\/li>\n<li>Au lieu de cela, <strong>l&#8217;employ\u00e9(e) peut demander une indemnisation raisonnable, qui ne peut \u00eatre inf\u00e9rieure \u00e0 3 mois de salaire ni sup\u00e9rieure au double de l&rsquo;indemnit\u00e9 l\u00e9gale en cas de r\u00e9siliation du contrat.<\/strong><\/li>\n<li><strong>Dans tous les cas, l&#8217;employ\u00e9(e) doit prouver les faits qui rendent le licenciement invalide, mais pour certains motifs, la loi impose \u00e0 l&#8217;employeur de prouver que les all\u00e9gations du salari\u00e9 sont fausses.<\/strong><\/li>\n<\/ul>\n<h2><strong><img loading=\"lazy\" decoding=\"async\" class=\"size-medium wp-image-1139 aligncenter\" src=\"https:\/\/kontoyannilawfirm.gr\/wp-content\/uploads\/2024\/03\/KONTOGIANNI-TELIKI-KARTA-GALLIKA-300x300.png\" alt=\"\" width=\"300\" height=\"300\" srcset=\"https:\/\/kontoyannilawfirm.gr\/wp-content\/uploads\/2024\/03\/KONTOGIANNI-TELIKI-KARTA-GALLIKA-300x300.png 300w, https:\/\/kontoyannilawfirm.gr\/wp-content\/uploads\/2024\/03\/KONTOGIANNI-TELIKI-KARTA-GALLIKA-1024x1024.png 1024w, https:\/\/kontoyannilawfirm.gr\/wp-content\/uploads\/2024\/03\/KONTOGIANNI-TELIKI-KARTA-GALLIKA-150x150.png 150w, https:\/\/kontoyannilawfirm.gr\/wp-content\/uploads\/2024\/03\/KONTOGIANNI-TELIKI-KARTA-GALLIKA.png 1080w\" sizes=\"auto, (max-width: 300px) 100vw, 300px\" \/>6.Mon entreprise a \u00e9t\u00e9 transf\u00e9r\u00e9e \u00e0 un nouvel employeur.Qu&rsquo;adviendra-t-il de mon contrat?<\/strong><\/h2>\n<p>Avec l&rsquo;\u00e9conomie en constante \u00e9volution et les entreprises qui changent fr\u00e9quemment de propri\u00e9taire, il est important de savoir si les employ\u00e9s de l&rsquo;ancienne entreprise risquent d&rsquo;\u00eatre licenci\u00e9s par le nouveau propri\u00e9taire.<strong> La loi est claire : il est interdit de licencier des employ\u00e9s, que ce soit par l&rsquo;ancien ou le nouveau propri\u00e9taire, si la raison du licenciement est le transfert de l&rsquo;entreprise. Cependant, cela signifie que des licenciements peuvent \u00eatre effectu\u00e9s pour d&rsquo;autres raisons (par exemple, des raisons commerciales, organisationnelles ou \u00e9conomiques li\u00e9es \u00e0 l&rsquo;entreprise).<\/strong> Il est important que le transfert de l&rsquo;entreprise ne soit pas utilis\u00e9 comme pr\u00e9texte pour justifier des licenciements.<\/p>\n<p>En cas de licenciement dont la cause principale ou secondaire est le transfert de l&rsquo;entreprise, celui-ci sera consid\u00e9r\u00e9 comme nul et entra\u00eenera toutes les cons\u00e9quences mentionn\u00e9es pr\u00e9c\u00e9demment.<strong> Pour \u00e9viter que les employ\u00e9s ne soient \u00ab\u00a0forc\u00e9s\u00a0\u00bb \u00e0 d\u00e9missionner en raison des conditions impos\u00e9es par le nouvel employeur, la loi stipule que si la d\u00e9mission de l&#8217;employ\u00e9 est due au transfert de l&rsquo;entreprise, elle est consid\u00e9r\u00e9e comme un licenciement par l&#8217;employeur.<\/strong> L&#8217;employ\u00e9 aura donc droit aux m\u00eames compensations et protections mentionn\u00e9es pr\u00e9c\u00e9demment.<\/p>\n<p><strong>En ce qui concerne les salaires des employ\u00e9s qui continuent \u00e0 travailler dans l&rsquo;entreprise apr\u00e8s le transfert, la loi pr\u00e9voit que l&rsquo;ancien et le nouveau propri\u00e9taire sont solidairement responsables des salaires et des cotisations de s\u00e9curit\u00e9 sociale (telles que celles vers\u00e9es \u00e0 l&rsquo;EFKA). Ainsi, les employ\u00e9s peuvent r\u00e9clamer leurs salaires \u00e0 l&rsquo;un ou l&rsquo;autre.<\/strong> Cette r\u00e8gle ne s&rsquo;applique cependant qu&rsquo;aux employ\u00e9s d\u00e9j\u00e0 en poste avant le transfert. Ceux qui ont commenc\u00e9 \u00e0 travailler apr\u00e8s le transfert ne peuvent poursuivre que le nouveau propri\u00e9taire pour toute r\u00e9mun\u00e9ration.<\/p>\n<h2><strong>7.Quelles informations l&#8217;employeur est-il tenu de d\u00e9clarer dans le syst\u00e8me \u00ab\u00a0ERGANI II\u00a0\u00bb?<\/strong><\/h2>\n<p>Avec l&rsquo;int\u00e9gration de la carte de travail num\u00e9rique dans la routine des employeurs, les informations que l&#8217;employeur doit soumettre au syst\u00e8me \u00ab\u00a0ERGANI II\u00a0\u00bb pour \u00e9viter tout probl\u00e8me lors d&rsquo;un contr\u00f4le de l&rsquo;Inspection du Travail sont d\u00e9sormais clairement d\u00e9finies. Plus pr\u00e9cis\u00e9ment, l&#8217;employeur doit publier sur la plateforme :<\/p>\n<ul>\n<li><strong>Le contrat de travail individuel \u00e9crit de l&#8217;employ\u00e9, qu&rsquo;il soit \u00e0 dur\u00e9e d\u00e9termin\u00e9e ou ind\u00e9termin\u00e9e.<\/strong><\/li>\n<li>Si aucun contrat \u00e9crit n&rsquo;a \u00e9t\u00e9 r\u00e9dig\u00e9, <strong>les parties peuvent utiliser le mod\u00e8le disponible sur le site du minist\u00e8re du Travail.<\/strong><\/li>\n<li>Les termes essentiels du contrat de l&#8217;employ\u00e9, y compris les horaires de travail, le lieu d&#8217;emploi et les conditions du contrat.<\/li>\n<li>Toute modification des termes du contrat doit \u00e9galement \u00eatre publi\u00e9e sur la plateforme \u00ab\u00a0ERGANI II\u00a0\u00bb.<\/li>\n<li><strong>Pour que les termes convenus entre l&#8217;employeur et l&#8217;employ\u00e9 soient valides, ce dernier doit signer le document contenant ces termes, soit physiquement, soit par voie \u00e9lectronique sur la plateforme \u00ab\u00a0My Ergani\u00a0\u00bb.<\/strong> Sinon, les termes sont nuls, et l&#8217;employeur risque des sanctions en cas de contr\u00f4le.<\/li>\n<li><strong>Ces r\u00e8gles s&rsquo;appliquent \u00e9galement \u00e0 ceux qui travaillent un sixi\u00e8me jour de la semaine,<\/strong> o\u00f9 les conditions de travail doivent \u00eatre publi\u00e9es de mani\u00e8re num\u00e9rique.<\/li>\n<li><strong>Si des heures suppl\u00e9mentaires sont effectu\u00e9es sans \u00eatre enregistr\u00e9es sur la plateforme num\u00e9rique, l&#8217;employeur est passible d&rsquo;une amende de 10 500 euros par l&rsquo;Inspection du Travail.<\/strong><\/li>\n<\/ul>\n<h2><strong>8.L&rsquo;allocation de trois ans a-t-elle \u00e9t\u00e9 supprim\u00e9e?<\/strong><\/h2>\n<p>L&rsquo;une des principales modifications apport\u00e9es par la loi sur le travail de six jours est la suppression de l&rsquo;allocation de pr\u00e9voyance pour une dur\u00e9e de trois ans ou plus, qui s&rsquo;appliquait aux employ\u00e9s du secteur priv\u00e9. <strong>En pratique, cela signifie que seuls les employ\u00e9s ayant commenc\u00e9 \u00e0 accumuler des ann\u00e9es de travail dans la m\u00eame entreprise avant le 14\/02\/2012 pourront b\u00e9n\u00e9ficier de cette allocation de trois ans, car le temps accumul\u00e9 continuera \u00e0 \u00eatre compt\u00e9 apr\u00e8s le 1er janvier 2024. De m\u00eame, cela s&rsquo;appliquera \u00e0 tous les employ\u00e9s embauch\u00e9s pour la premi\u00e8re fois dans une entreprise apr\u00e8s le 01\/01\/2024.<\/strong><\/p>\n<p>En ce qui concerne les employ\u00e9s r\u00e9mun\u00e9r\u00e9s au salaire minimum, <strong>l&rsquo;augmentation de salaire qu&rsquo;ils constateront (en raison de l&rsquo;allocation, si les conditions l\u00e9gales sont remplies) sera de 10 % pour chaque p\u00e9riode de trois ans d&#8217;emploi aupr\u00e8s du m\u00eame employeur, avec un maximum de 30 % s&rsquo;ils ont travaill\u00e9 pendant 9 ans ou plus.<\/strong> Ainsi, l&rsquo;augmentation mentionn\u00e9e par la loi ne peut s&rsquo;appliquer qu&rsquo;\u00e0 trois p\u00e9riodes de trois ans au total, et pas plus. Cependant, si l&#8217;employ\u00e9 per\u00e7oit un salaire sup\u00e9rieur au salaire minimum l\u00e9gal actuel (830 euros bruts), et s&rsquo;il a commenc\u00e9 \u00e0 accumuler des droits \u00e0 l&rsquo;allocation de trois ans apr\u00e8s le 14\/02\/2012, il ne constatera aucune diff\u00e9rence dans son salaire cette ann\u00e9e, car les conditions pour la p\u00e9riode de trois ans commenceront \u00e0 \u00eatre compt\u00e9es \u00e0 nouveau apr\u00e8s le 1er janvier 2024.<\/p>\n<p>La loi pr\u00e9voit \u00e9galement un point int\u00e9ressant : <strong>si, \u00e0 partir du 1er janvier 2027, les taux de ch\u00f4mage en Gr\u00e8ce d\u00e9passent 10 % selon les indicateurs nationaux, l&rsquo;allocation de pr\u00e9voyance de trois ans sera r\u00e9tablie comme elle l&rsquo;\u00e9tait auparavant. Cela semble \u00e9vident, car ce r\u00e9tablissement vise \u00e0 combler les lacunes du march\u00e9 qui ne pourra pas offrir des salaires satisfaisants et qui aura besoin de soutiens exceptionnels.<\/strong> Cependant, comme cette question d\u00e9pend de nombreux facteurs (\u00e9tant donn\u00e9 que le ch\u00f4mage est influenc\u00e9 par plusieurs param\u00e8tres), il sera crucial de voir comment la r\u00e9alit\u00e9 du travail \u00e9volue au cours des prochaines ann\u00e9es pour \u00e9viter des retournements brusques dans des situations o\u00f9 les travailleurs avaient jusqu&rsquo;\u00e0 pr\u00e9sent une confiance l\u00e9gitime en la continuit\u00e9 des conditions.<\/p>\n<h2><strong>9.Je travaille en t\u00e9l\u00e9travail.Les dispositions sur le travail de six jours s&rsquo;appliquent-elles \u00e0 moi?<\/strong><\/h2>\n<p>Avec l&rsquo;\u00e9mergence du t\u00e9l\u00e9travail comme nouvelle forme d&#8217;emploi, en r\u00e9ponse aux besoins du temps, des questions cruciales se sont pos\u00e9es auxquelles le l\u00e9gislateur devait apporter des solutions pour \u00e9viter le chaos. Il est donc important de souligner certains points critiques concernant ce domaine :<\/p>\n<ul>\n<li><strong>Quiconque travaille en t\u00e9l\u00e9travail n&rsquo;est pas n\u00e9cessairement consid\u00e9r\u00e9 comme un salari\u00e9, mais peut \u00e9galement \u00eatre un travailleur ind\u00e9pendant.<\/strong> Ce qui compte, c&rsquo;est le risque commercial qu&rsquo;il assume et s&rsquo;il est oblig\u00e9 de suivre des instructions\/demandes.<\/li>\n<li><strong>Le t\u00e9l\u00e9travail peut commencer uniquement apr\u00e8s un accord avec l&#8217;employeur.<\/strong><\/li>\n<li>Exceptionnellement, <strong>une personne peut travailler en t\u00e9l\u00e9travail uniquement si cela est d\u00e9cid\u00e9 par l&#8217;employeur pour des raisons de sant\u00e9 publique s\u00e9rieuses,<\/strong> comme ce fut le cas pendant la pand\u00e9mie de COVID.<\/li>\n<li>L&#8217;employeur doit informer le t\u00e9l\u00e9travailleur des conditions de travail et de la mani\u00e8re dont il doit fournir ses services, ainsi que des co\u00fbts n\u00e9cessaires pour l&rsquo;\u00e9quipement requis.<\/li>\n<li><strong>La loi stipule que le t\u00e9l\u00e9travailleur a exactement les m\u00eames droits que ceux travaillant en pr\u00e9sentiel,<\/strong> sauf s&rsquo;il existe des raisons justifiant des discriminations.<\/li>\n<li><strong>Par cons\u00e9quent, la r\u00e9glementation sur le travail de six jours peut en th\u00e9orie s&rsquo;appliquer \u00e0 ceux qui travaillent \u00e0 distance,<\/strong> \u00e0 condition qu&rsquo;il existe des besoins dans l&rsquo;entreprise et que les conditions mentionn\u00e9es soient remplies.<\/li>\n<li>Cependant,<strong> la loi reconna\u00eet au t\u00e9l\u00e9travailleur le droit de se d\u00e9connecter de son travail et de disposer de temps pour sa vie priv\u00e9e sans \u00eatre d\u00e9rang\u00e9 par l&#8217;employeur,<\/strong> afin de b\u00e9n\u00e9ficier de v\u00e9ritables p\u00e9riodes de repos, tout comme les employ\u00e9s travaillant sur site.<\/li>\n<\/ul>\n<h2><strong>10.Qu&rsquo;est-ce que les entreprises de travail temporaire?<\/strong><\/h2>\n<p>Vous les avez peut-\u00eatre rencontr\u00e9es en pratique, car ces entreprises se sont d\u00e9j\u00e0 \u00e9tablies sur le march\u00e9 du travail grec. Il s&rsquo;agit d&rsquo;entreprises qui recrutent des travailleurs, puis les d\u00e9tachent aupr\u00e8s d&#8217;employeurs temporaires pour une p\u00e9riode d\u00e9termin\u00e9e, g\u00e9n\u00e9ralement courte. Par cons\u00e9quent, le travailleur a ici deux employeurs : l&rsquo;entreprise de travail temporaire en tant qu&#8217;employeur direct et l&#8217;employeur indirect aupr\u00e8s duquel le travailleur est temporairement affect\u00e9 sous forme de \u00ab\u00a0pr\u00eat\u00a0\u00bb.<\/p>\n<p>Il est important de souligner que<strong> les travailleurs temporaires ont les m\u00eames droits et obligations que les employ\u00e9s r\u00e9guliers. Cependant, les premiers sont principalement li\u00e9s aux entreprises de travail temporaire, qui sont responsables du paiement de leur salaire et de leurs cotisations sociales.<\/strong> La relation contractuelle est formalis\u00e9e par un document, tout comme pour un contrat de travail individuel, et doit inclure tous les termes et \u00e9l\u00e9ments qui seraient pr\u00e9sents dans un tel contrat. Si le travailleur est employ\u00e9 par l&#8217;employeur indirect pendant une p\u00e9riode excessive qui ne correspond pas \u00e0 la notion de \u00ab\u00a0temporaire\u00a0\u00bb, la loi pr\u00e9voit que son contrat se transforme en contrat \u00e0 dur\u00e9e ind\u00e9termin\u00e9e, sans qu&rsquo;il soit n\u00e9cessaire que les parties prennent des mesures \u00e0 cet \u00e9gard.<\/p>\n<p>De plus, <strong>l&#8217;employeur indirect conserve son droit de direction et peut donc exiger du travailleur qu&rsquo;il ex\u00e9cute son travail de la mani\u00e8re et dans le temps convenus. Il a \u00e9galement toutes les obligations d&rsquo;un employeur envers son employ\u00e9, comme nous l&rsquo;avons mentionn\u00e9 dans un autre document, et doit donc respecter et suivre ces obligations.<\/strong> Sinon, le travailleur peut intenter une action en justice contre l&#8217;employeur indirect, m\u00eame pour des demandes d&rsquo;indemnisation, car il existe un contrat entre eux, \u00e9tabli par le pr\u00eat du travailleur \u00e0 l&#8217;employeur indirect via l&rsquo;entreprise de travail temporaire.<\/p>\n<p><strong>\u00c0 c\u00f4t\u00e9 du client et de ses besoins.<\/strong><\/p>\n<p><strong>Ath\u00e9na Kontogi\u00e1nni \u2013 Avocate<\/strong><\/p>\n<p>Toutes les informations ci-dessus ne constituent pas des conseils juridiques et aucune responsabilit\u00e9 n\u2019est engag\u00e9e pour celles-ci.Pour plus d\u2019informations, veuillez nous contacter.<\/p>\n","protected":false},"excerpt":{"rendered":"<p>Avec la loi 5053\/2023, des changements tr\u00e8s importants ont \u00e9t\u00e9 apport\u00e9s au march\u00e9 du travail, et d\u00e9sormais, les entreprises peuvent employer leurs salari\u00e9s \u00e9galement le 6\u1d49 jour de la semaine. Toutefois, cet emploi doit remplir certaines conditions pour \u00eatre valide, que beaucoup ignorent. En parall\u00e8le, il a \u00e9galement \u00e9t\u00e9 annonc\u00e9 la suppression de la prime&#8230;<\/p>\n","protected":false},"author":2,"featured_media":1490,"comment_status":"closed","ping_status":"closed","sticky":false,"template":"","format":"standard","meta":{"_jetpack_memberships_contains_paid_content":false,"footnotes":""},"categories":[17],"tags":[],"class_list":["post-1605","post","type-post","status-publish","format-standard","has-post-thumbnail","hentry","category-non-classifiee"],"jetpack_featured_media_url":"https:\/\/kontoyannilawfirm.gr\/wp-content\/uploads\/2024\/08\/15861.jpg","jetpack_sharing_enabled":true,"_links":{"self":[{"href":"https:\/\/kontoyannilawfirm.gr\/fr\/wp-json\/wp\/v2\/posts\/1605","targetHints":{"allow":["GET"]}}],"collection":[{"href":"https:\/\/kontoyannilawfirm.gr\/fr\/wp-json\/wp\/v2\/posts"}],"about":[{"href":"https:\/\/kontoyannilawfirm.gr\/fr\/wp-json\/wp\/v2\/types\/post"}],"author":[{"embeddable":true,"href":"https:\/\/kontoyannilawfirm.gr\/fr\/wp-json\/wp\/v2\/users\/2"}],"replies":[{"embeddable":true,"href":"https:\/\/kontoyannilawfirm.gr\/fr\/wp-json\/wp\/v2\/comments?post=1605"}],"version-history":[{"count":1,"href":"https:\/\/kontoyannilawfirm.gr\/fr\/wp-json\/wp\/v2\/posts\/1605\/revisions"}],"predecessor-version":[{"id":1606,"href":"https:\/\/kontoyannilawfirm.gr\/fr\/wp-json\/wp\/v2\/posts\/1605\/revisions\/1606"}],"wp:featuredmedia":[{"embeddable":true,"href":"https:\/\/kontoyannilawfirm.gr\/fr\/wp-json\/wp\/v2\/media\/1490"}],"wp:attachment":[{"href":"https:\/\/kontoyannilawfirm.gr\/fr\/wp-json\/wp\/v2\/media?parent=1605"}],"wp:term":[{"taxonomy":"category","embeddable":true,"href":"https:\/\/kontoyannilawfirm.gr\/fr\/wp-json\/wp\/v2\/categories?post=1605"},{"taxonomy":"post_tag","embeddable":true,"href":"https:\/\/kontoyannilawfirm.gr\/fr\/wp-json\/wp\/v2\/tags?post=1605"}],"curies":[{"name":"wp","href":"https:\/\/api.w.org\/{rel}","templated":true}]}}